{"id":9210,"date":"2024-11-27T10:14:51","date_gmt":"2024-11-27T09:14:51","guid":{"rendered":"https:\/\/staging.palosantotapasbar.com\/la-fusio-gastronomica-al-raval\/"},"modified":"2025-01-24T12:48:58","modified_gmt":"2025-01-24T11:48:58","slug":"la-fusio-gastronomica-al-raval","status":"publish","type":"post","link":"https:\/\/www.palosantotapasbar.com\/ca\/la-fusio-gastronomica-al-raval\/","title":{"rendered":"LA FUSI\u00d3 GASTRON\u00d2MICA AL RAVAL"},"content":{"rendered":"\t\t<div data-elementor-type=\"wp-post\" data-elementor-id=\"9210\" class=\"elementor elementor-9210 elementor-8921\">\n\t\t\t\t\t\t<section class=\"elementor-section elementor-top-section elementor-element elementor-element-6e679f98 elementor-section-full_width elementor-section-height-default elementor-section-height-default qodef-elementor-content-no\" data-id=\"6e679f98\" data-element_type=\"section\">\n\t\t\t\t\t\t<div class=\"elementor-container elementor-column-gap-default\">\n\t\t\t\t\t<div class=\"elementor-column elementor-col-100 elementor-top-column elementor-element elementor-element-538d03cf\" data-id=\"538d03cf\" data-element_type=\"column\">\n\t\t\t<div class=\"elementor-widget-wrap elementor-element-populated\">\n\t\t\t\t\t\t<div class=\"elementor-element elementor-element-34862524 elementor-widget elementor-widget-text-editor\" data-id=\"34862524\" data-element_type=\"widget\" data-widget_type=\"text-editor.default\">\n\t\t\t\t<div class=\"elementor-widget-container\">\n\t\t\t\t\t\t\t\t\t<p>Si hi ha alguna cosa que defineix el Raval de Barcelona, \u200b\u200ba m\u00e9s de la vibrant vida cultural i art\u00edstica, \u00e9s la seva diversitat. Aquest barri, on conviuen persones de m\u00faltiples nacionalitats, \u00e9s un gresol de cultures que tamb\u00e9 es reflecteix a la seva gastronomia. I quan parlem de gastronomia, les tapes s\u00f3n el terreny perfecte per a l&#8217;experimentaci\u00f3 i la fusi\u00f3 de sabors internacionals.  <\/p>\n<p>La tradici\u00f3 espanyola de les tapes ha servit de llen\u00e7 perqu\u00e8 xefs de tot el m\u00f3n aportin tocs \u00fanics de les seves cultures. Al Raval, aix\u00f2 ha donat lloc a una oferta gastron\u00f2mica que sorpr\u00e8n i delecta els paladars m\u00e9s curiosos. Des de la influ\u00e8ncia asi\u00e0tica fins als tocs llatins, aquestes tapes fusionades no nom\u00e9s respecten l&#8217;ess\u00e8ncia del que \u00e9s tradicional, sin\u00f3 que l&#8217;eleven a noves altures.  <\/p>\n\t\t\t\t\t\t\t\t<\/div>\n\t\t\t\t<\/div>\n\t\t\t\t\t<\/div>\n\t\t<\/div>\n\t\t\t\t\t<\/div>\n\t\t<\/section>\n\t\t\t\t<section class=\"elementor-section elementor-top-section elementor-element elementor-element-85b80b9 elementor-section-full_width elementor-section-height-default elementor-section-height-default qodef-elementor-content-no\" data-id=\"85b80b9\" data-element_type=\"section\">\n\t\t\t\t\t\t<div class=\"elementor-container elementor-column-gap-default\">\n\t\t\t\t\t<div class=\"elementor-column elementor-col-100 elementor-top-column elementor-element elementor-element-186df3c\" data-id=\"186df3c\" data-element_type=\"column\">\n\t\t\t<div class=\"elementor-widget-wrap elementor-element-populated\">\n\t\t\t\t\t\t<div class=\"elementor-element elementor-element-1916890 elementor-widget elementor-widget-text-editor\" data-id=\"1916890\" data-element_type=\"widget\" data-widget_type=\"text-editor.default\">\n\t\t\t\t<div class=\"elementor-widget-container\">\n\t\t\t\t\t\t\t\t\t<blockquote>\n<p>\u201cDONAT EL CAR\u00c0CTER MULTICULTURAL DEL RAVAL S&#8217;HA CONVERTIT EN UN EPICENTRE DE LA FUSI\u00d3 CULIN\u00c0RIA.\u201d<\/p>\n<\/blockquote>\n\t\t\t\t\t\t\t\t<\/div>\n\t\t\t\t<\/div>\n\t\t\t\t\t<\/div>\n\t\t<\/div>\n\t\t\t\t\t<\/div>\n\t\t<\/section>\n\t\t\t\t<section class=\"elementor-section elementor-top-section elementor-element elementor-element-871a083 elementor-section-full_width elementor-section-height-default elementor-section-height-default qodef-elementor-content-no\" data-id=\"871a083\" data-element_type=\"section\">\n\t\t\t\t\t\t<div class=\"elementor-container elementor-column-gap-default\">\n\t\t\t\t\t<div class=\"elementor-column elementor-col-100 elementor-top-column elementor-element elementor-element-5e5882f\" data-id=\"5e5882f\" data-element_type=\"column\">\n\t\t\t<div class=\"elementor-widget-wrap elementor-element-populated\">\n\t\t\t\t\t\t<div class=\"elementor-element elementor-element-387d11c elementor-widget elementor-widget-text-editor\" data-id=\"387d11c\" data-element_type=\"widget\" data-widget_type=\"text-editor.default\">\n\t\t\t\t<div class=\"elementor-widget-container\">\n\t\t\t\t\t\t\t\t\t<p>Les tapes internacionals s\u00f3n una reinvenci\u00f3 dels petits plats t\u00edpics d&#8217;Espanya que integren ingredients, t\u00e8cniques i sabors d&#8217;altres cultures culin\u00e0ries. Aquesta tend\u00e8ncia no nom\u00e9s enriqueix la tradici\u00f3 de les tapes, sin\u00f3 que tamb\u00e9 reflecteix l&#8217;obertura i la multiculturalitat de barris com el Raval. <\/p>\n<p>En lloc de limitar-se als sabors cl\u00e0ssics com el pernil ib\u00e8ric o les patates braves, les tapes internacionals exploren ingredients com el kimchi core\u00e0, l&#8217;alvocat mexic\u00e0 o les esp\u00e8cies \u00edndies. El resultat? Un mosaic de sabors que conserva l&#8217;esperit compartit de les tapes per\u00f2 que porta els comensals a un viatge arreu del m\u00f3n.  <\/p>\n\t\t\t\t\t\t\t\t<\/div>\n\t\t\t\t<\/div>\n\t\t\t\t\t<\/div>\n\t\t<\/div>\n\t\t\t\t\t<\/div>\n\t\t<\/section>\n\t\t\t\t<section class=\"elementor-section elementor-top-section elementor-element elementor-element-2eb7357 elementor-section-full_width elementor-section-height-default elementor-section-height-default qodef-elementor-content-no\" data-id=\"2eb7357\" data-element_type=\"section\">\n\t\t\t\t\t\t<div class=\"elementor-container elementor-column-gap-default\">\n\t\t\t\t\t<div class=\"elementor-column elementor-col-100 elementor-top-column elementor-element elementor-element-4c801cb\" data-id=\"4c801cb\" data-element_type=\"column\">\n\t\t\t<div class=\"elementor-widget-wrap elementor-element-populated\">\n\t\t\t\t\t\t<div class=\"elementor-element elementor-element-c3796d4 elementor-widget elementor-widget-text-editor\" data-id=\"c3796d4\" data-element_type=\"widget\" data-widget_type=\"text-editor.default\">\n\t\t\t\t<div class=\"elementor-widget-container\">\n\t\t\t\t\t\t\t\t\t<h4>La fusi\u00f3 gastron\u00f2mica al Raval<\/h4>\n<p>El Raval \u00e9s un lloc privilegiat per a experimentar amb tapes internacionals a causa del seu car\u00e0cter multicultural. Caminant pels seus carrers, \u00e9s f\u00e0cil trobar <a href=\"https:\/\/www.palosantotapasbar.com\/ca\/sobre-nosaltres\/\">restaurants i bars<\/a> que ofereixen versions innovadores de tapes, combinant el millor de la cuina espanyola amb influ\u00e8ncies globals. Aqu\u00ed tens algunes mostres del que pots descobrir:  <\/p>\n\t\t\t\t\t\t\t\t<\/div>\n\t\t\t\t<\/div>\n\t\t\t\t\t<\/div>\n\t\t<\/div>\n\t\t\t\t\t<\/div>\n\t\t<\/section>\n\t\t\t\t<section class=\"elementor-section elementor-top-section elementor-element elementor-element-8fee350 elementor-section-boxed elementor-section-height-default elementor-section-height-default qodef-elementor-content-no\" data-id=\"8fee350\" data-element_type=\"section\">\n\t\t\t\t\t\t<div class=\"elementor-container elementor-column-gap-default\">\n\t\t\t\t\t<div class=\"elementor-column elementor-col-100 elementor-top-column elementor-element elementor-element-04785cf\" data-id=\"04785cf\" data-element_type=\"column\">\n\t\t\t<div class=\"elementor-widget-wrap elementor-element-populated\">\n\t\t\t\t\t\t<div class=\"elementor-element elementor-element-7413b1f elementor-widget elementor-widget-asparagus_core_section_title\" data-id=\"7413b1f\" data-element_type=\"widget\" data-widget_type=\"asparagus_core_section_title.default\">\n\t\t\t\t<div class=\"elementor-widget-container\">\n\t\t\t\t\t<div class=\"qodef-shortcode qodef-m  qodef-section-title qodef-alignment--left \">\n\t\t<h5 class=\"qodef-m-title\" >\n\t\t\t\t\tTACOS DE INSPIRACI\u00d3N ESPA\u00d1OLA\t\t\t<\/h5>\n\t\t<p class=\"qodef-m-text\" >Imagina un taco suave con base de pan plano espa\u00f1ol en lugar de tortilla de ma\u00edz, relleno de gambas al ajillo, pimientos asados y alioli. Este plato es un ejemplo de c\u00f3mo los sabores mexicanos y espa\u00f1oles se encuentran en perfecta armon\u00eda.<\/p>\n<\/div>\n\t\t\t\t<\/div>\n\t\t\t\t<\/div>\n\t\t\t\t\t<\/div>\n\t\t<\/div>\n\t\t\t\t\t<\/div>\n\t\t<\/section>\n\t\t\t\t<section class=\"elementor-section elementor-top-section elementor-element elementor-element-92a477b elementor-section-boxed elementor-section-height-default elementor-section-height-default qodef-elementor-content-no\" data-id=\"92a477b\" data-element_type=\"section\">\n\t\t\t\t\t\t<div class=\"elementor-container elementor-column-gap-default\">\n\t\t\t\t\t<div class=\"elementor-column elementor-col-100 elementor-top-column elementor-element elementor-element-943c219\" data-id=\"943c219\" data-element_type=\"column\">\n\t\t\t<div class=\"elementor-widget-wrap elementor-element-populated\">\n\t\t\t\t\t\t<div class=\"elementor-element elementor-element-58a29cb elementor-widget elementor-widget-asparagus_core_section_title\" data-id=\"58a29cb\" data-element_type=\"widget\" data-widget_type=\"asparagus_core_section_title.default\">\n\t\t\t\t<div class=\"elementor-widget-container\">\n\t\t\t\t\t<div class=\"qodef-shortcode qodef-m  qodef-section-title qodef-alignment--left \">\n\t\t<h5 class=\"qodef-m-title\" >\n\t\t\t\t\tCROQUETAS VARIADAS\t\t\t<\/h5>\n\t\t<p class=\"qodef-m-text\" >Las croquetas tradicionales de jam\u00f3n evolucionan hacia versiones con rellenos de curry tailand\u00e9s, cerdo agridulce o incluso kimchi. La mezcla de texturas y el equilibrio de sabores hacen de estas croquetas un imprescindible.<\/p>\n<\/div>\n\t\t\t\t<\/div>\n\t\t\t\t<\/div>\n\t\t\t\t\t<\/div>\n\t\t<\/div>\n\t\t\t\t\t<\/div>\n\t\t<\/section>\n\t\t\t\t<section class=\"elementor-section elementor-top-section elementor-element elementor-element-82b1306 elementor-section-boxed elementor-section-height-default elementor-section-height-default qodef-elementor-content-no\" data-id=\"82b1306\" data-element_type=\"section\">\n\t\t\t\t\t\t<div class=\"elementor-container elementor-column-gap-default\">\n\t\t\t\t\t<div class=\"elementor-column elementor-col-100 elementor-top-column elementor-element elementor-element-f2be5d3\" data-id=\"f2be5d3\" data-element_type=\"column\">\n\t\t\t<div class=\"elementor-widget-wrap elementor-element-populated\">\n\t\t\t\t\t\t<div class=\"elementor-element elementor-element-b9eb299 elementor-widget elementor-widget-asparagus_core_section_title\" data-id=\"b9eb299\" data-element_type=\"widget\" data-widget_type=\"asparagus_core_section_title.default\">\n\t\t\t\t<div class=\"elementor-widget-container\">\n\t\t\t\t\t<div class=\"qodef-shortcode qodef-m  qodef-section-title qodef-alignment--left \">\n\t\t<h5 class=\"qodef-m-title\" >\n\t\t\t\t\tCEVICHE CON UN TOQUE IB\u00c9RICO\t\t\t<\/h5>\n\t\t<p class=\"qodef-m-text\" >El ceviche, un plato ic\u00f3nico de Am\u00e9rica Latina, se reinventa en el Raval al incluir bacalao desalado, vieiras o gambas frescas mediterr\u00e1neas, marinadas con c\u00edtricos, cilantro y un toque de piment\u00f3n de la Vera.<\/p>\n<\/div>\n\t\t\t\t<\/div>\n\t\t\t\t<\/div>\n\t\t\t\t\t<\/div>\n\t\t<\/div>\n\t\t\t\t\t<\/div>\n\t\t<\/section>\n\t\t\t\t<section class=\"elementor-section elementor-top-section elementor-element elementor-element-246feaa elementor-section-boxed elementor-section-height-default elementor-section-height-default qodef-elementor-content-no\" data-id=\"246feaa\" data-element_type=\"section\">\n\t\t\t\t\t\t<div class=\"elementor-container elementor-column-gap-default\">\n\t\t\t\t\t<div class=\"elementor-column elementor-col-100 elementor-top-column elementor-element elementor-element-3fac03e\" data-id=\"3fac03e\" data-element_type=\"column\">\n\t\t\t<div class=\"elementor-widget-wrap elementor-element-populated\">\n\t\t\t\t\t\t<div class=\"elementor-element elementor-element-caea4da elementor-widget elementor-widget-asparagus_core_section_title\" data-id=\"caea4da\" data-element_type=\"widget\" data-widget_type=\"asparagus_core_section_title.default\">\n\t\t\t\t<div class=\"elementor-widget-container\">\n\t\t\t\t\t<div class=\"qodef-shortcode qodef-m  qodef-section-title qodef-alignment--left \">\n\t\t<h5 class=\"qodef-m-title\" >\n\t\t\t\t\tBRAVAS CON ESPECIAS DEL MUNDO\t\t\t<\/h5>\n\t\t<p class=\"qodef-m-text\" >Las cl\u00e1sicas patatas bravas se transforman al incorporar especias como garam masala de la India o salsas picantes de origen asi\u00e1tico. Este giro convierte un plato b\u00e1sico en una explosi\u00f3n de sabores globales.<\/p>\n<\/div>\n\t\t\t\t<\/div>\n\t\t\t\t<\/div>\n\t\t\t\t<div class=\"elementor-element elementor-element-758582e elementor-widget elementor-widget-asparagus_core_section_title\" data-id=\"758582e\" data-element_type=\"widget\" data-widget_type=\"asparagus_core_section_title.default\">\n\t\t\t\t<div class=\"elementor-widget-container\">\n\t\t\t\t\t<div class=\"qodef-shortcode qodef-m  qodef-section-title qodef-alignment--left \">\n\t\t<h5 class=\"qodef-m-title\" >\n\t\t\t\t\tPINCHOS DE INSPIRACI\u00d3N MARROQU\u00cd\t\t\t<\/h5>\n\t\t<p class=\"qodef-m-text\" >Con la influencia \u00e1rabe tan presente en la cultura del Raval, no es raro encontrar pinchos que combinan cordero especiado con menta, yogur griego y pan de pita, creando una experiencia \u00fanica y sabrosa.<\/p>\n<\/div>\n\t\t\t\t<\/div>\n\t\t\t\t<\/div>\n\t\t\t\t\t<\/div>\n\t\t<\/div>\n\t\t\t\t\t<\/div>\n\t\t<\/section>\n\t\t\t\t<section class=\"elementor-section elementor-top-section elementor-element elementor-element-5ab36fc elementor-section-full_width elementor-section-height-default elementor-section-height-default qodef-elementor-content-no\" data-id=\"5ab36fc\" data-element_type=\"section\">\n\t\t\t\t\t\t<div class=\"elementor-container elementor-column-gap-default\">\n\t\t\t\t\t<div class=\"elementor-column elementor-col-100 elementor-top-column elementor-element elementor-element-c0e9ec9\" data-id=\"c0e9ec9\" data-element_type=\"column\">\n\t\t\t<div class=\"elementor-widget-wrap elementor-element-populated\">\n\t\t\t\t\t\t<div class=\"elementor-element elementor-element-426b2bb elementor-widget elementor-widget-text-editor\" data-id=\"426b2bb\" data-element_type=\"widget\" data-widget_type=\"text-editor.default\">\n\t\t\t\t<div class=\"elementor-widget-container\">\n\t\t\t\t\t\t\t\t\t<p>La popularitat de les tapes internacionals rau en la seva capacitat per oferir alguna cosa familiar per\u00f2 nova al mateix temps. Aqu\u00ed hi ha algunes raons per les quals aquesta tend\u00e8ncia est\u00e0 en auge: <\/p>\n<ul>\n<li><strong>Diversitat d&#8217;opcions:<\/strong> Els comensals poden tastar sabors de diferents cultures en un sol lloc.<\/li>\n<li><strong>Creativitat culin\u00e0ria:<\/strong> Permet als xefs experimentar i sorprendre els clients amb combinacions inesperades.<\/li>\n<li><strong>Atractiu per a turistes i locals:<\/strong> Mentre els turistes busquen provar all\u00f2 aut\u00e8ntic i innovador, els locals gaudeixen redescobrint les tapes des d&#8217;una perspectiva fresca.<\/li>\n<\/ul>\n\t\t\t\t\t\t\t\t<\/div>\n\t\t\t\t<\/div>\n\t\t\t\t\t<\/div>\n\t\t<\/div>\n\t\t\t\t\t<\/div>\n\t\t<\/section>\n\t\t\t\t<section class=\"elementor-section elementor-top-section elementor-element elementor-element-59e2085 elementor-section-full_width elementor-section-height-default elementor-section-height-default qodef-elementor-content-no\" data-id=\"59e2085\" data-element_type=\"section\">\n\t\t\t\t\t\t<div class=\"elementor-container elementor-column-gap-default\">\n\t\t\t\t\t<div class=\"elementor-column elementor-col-100 elementor-top-column elementor-element elementor-element-411d844\" data-id=\"411d844\" data-element_type=\"column\">\n\t\t\t<div class=\"elementor-widget-wrap elementor-element-populated\">\n\t\t\t\t\t\t<div class=\"elementor-element elementor-element-410984b elementor-widget elementor-widget-text-editor\" data-id=\"410984b\" data-element_type=\"widget\" data-widget_type=\"text-editor.default\">\n\t\t\t\t<div class=\"elementor-widget-container\">\n\t\t\t\t\t\t\t\t\t<h4>On gaudir de tapes internacionals al Raval<\/h4>\n<p>El Raval \u00e9s ple de bars i restaurants que han adoptat aquesta tend\u00e8ncia, oferint tapes \u00faniques que no trobar\u00e0s en cap altre lloc. Alguns consells per gaudir d&#8217;aquestes del\u00edcies: <\/p>\n<ol>\n<li><strong>Investiga llocs multiculturals:<\/strong> Cerca bars que siguin coneguts per les opcions de fusi\u00f3. Molts destaquen per combinar ingredients frescos locals amb t\u00e8cniques internacionals. <\/li>\n<li><strong>Prova plats recomanats:<\/strong> No dubtis a preguntar al cambrer per les tapes m\u00e9s innovadores o les especialitats del dia.<\/li>\n<li><strong>Comparteix i experimenta:<\/strong> Com qualsevol experi\u00e8ncia de tapes, demana diverses opcions i comparteix-les per tastar la major varietat possible.<\/li>\n<\/ol>\n\t\t\t\t\t\t\t\t<\/div>\n\t\t\t\t<\/div>\n\t\t\t\t\t<\/div>\n\t\t<\/div>\n\t\t\t\t\t<\/div>\n\t\t<\/section>\n\t\t\t\t<section class=\"elementor-section elementor-top-section elementor-element elementor-element-de78c00 elementor-section-full_width elementor-section-height-default elementor-section-height-default qodef-elementor-content-no\" data-id=\"de78c00\" data-element_type=\"section\">\n\t\t\t\t\t\t<div class=\"elementor-container elementor-column-gap-default\">\n\t\t\t\t\t<div class=\"elementor-column elementor-col-100 elementor-top-column elementor-element elementor-element-9c4e49b\" data-id=\"9c4e49b\" data-element_type=\"column\">\n\t\t\t<div class=\"elementor-widget-wrap elementor-element-populated\">\n\t\t\t\t\t\t<div class=\"elementor-element elementor-element-16e242a elementor-widget elementor-widget-text-editor\" data-id=\"16e242a\" data-element_type=\"widget\" data-widget_type=\"text-editor.default\">\n\t\t\t\t<div class=\"elementor-widget-container\">\n\t\t\t\t\t\t\t\t\t<h4>EL FUTUR DE LES TAPES AL RAVAL<\/h4>\n<p>La fusi\u00f3 gastron\u00f2mica no \u00e9s nom\u00e9s una moda passatgera; \u00e9s un reflex de com les cultures evolucionen i s&#8217;entrellacen a un m\u00f3n globalitzat. Al Raval, aquest fenomen continuar\u00e0 creixent, oferint noves interpretacions de les tapes tradicionals amb influ\u00e8ncies dels racons m\u00e9s llunyans del m\u00f3n. <\/p>\n<p>Si busques una experi\u00e8ncia culin\u00e0ria que combini tradici\u00f3 i modernitat, no hi ha cap lloc millor que el Raval. Les tapes internacionals s\u00f3n una deliciosa prova de com el menjar pot unir cultures, sorprendre paladars i explicar hist\u00f2ries \u00faniques. Atreveix-te a descobrir-les i deixa que el teu paladar viatgi sense sortir de Barcelona!  <\/p>\n\t\t\t\t\t\t\t\t<\/div>\n\t\t\t\t<\/div>\n\t\t\t\t\t<\/div>\n\t\t<\/div>\n\t\t\t\t\t<\/div>\n\t\t<\/section>\n\t\t\t\t<\/div>\n\t\t","protected":false},"excerpt":{"rendered":"<p>Al Raval, les tapes tradicionals es reinventen amb influ\u00e8ncies internacionals, creant una fusi\u00f3 gastron\u00f2mica \u00fanica. Descobriu com sabors de tot el m\u00f3n es combinen en petits plats plens de creativitat i car\u00e0cter multicultural. <\/p>\n","protected":false},"author":2,"featured_media":8923,"comment_status":"closed","ping_status":"open","sticky":false,"template":"","format":"standard","meta":{"_jetpack_memberships_contains_paid_content":false,"footnotes":""},"categories":[117,139,137,118],"tags":[130,142,131,141,140],"class_list":["post-9210","post","type-post","status-publish","format-standard","has-post-thumbnail","hentry","category-events","category-raval-ca","category-sopar","category-tapes","tag-bravas-ca","tag-ceviche-ca","tag-croquetes","tag-tacs","tag-tapes-fusio"],"yoast_head":"<!-- This site is optimized with the Yoast SEO plugin v24.5 - https:\/\/yoast.com\/wordpress\/plugins\/seo\/ -->\n<title>La fusi\u00f3 gastron\u00f2mica al Raval | PalSant<\/title>\n<meta name=\"description\" content=\"Descobreix com les tapes tradicionals espanyoles es reinventen amb sabors de tot el m\u00f3n al multicultural barri del Raval.\" \/>\n<meta name=\"robots\" content=\"index, follow, max-snippet:-1, max-image-preview:large, max-video-preview:-1\" \/>\n<link rel=\"canonical\" href=\"https:\/\/www.palosantotapasbar.com\/ca\/la-fusio-gastronomica-al-raval\/\" \/>\n<meta property=\"og:locale\" content=\"ca_ES\" \/>\n<meta property=\"og:type\" content=\"article\" \/>\n<meta property=\"og:title\" content=\"La fusi\u00f3 gastron\u00f2mica al Raval | PalSant\" \/>\n<meta property=\"og:description\" content=\"Descobreix com les tapes tradicionals espanyoles es reinventen amb sabors de tot el m\u00f3n al multicultural barri del Raval.\" \/>\n<meta property=\"og:url\" content=\"https:\/\/www.palosantotapasbar.com\/ca\/la-fusio-gastronomica-al-raval\/\" \/>\n<meta property=\"og:site_name\" content=\"Palosanto Tapas Bar\" \/>\n<meta property=\"article:published_time\" content=\"2024-11-27T09:14:51+00:00\" \/>\n<meta property=\"article:modified_time\" content=\"2025-01-24T11:48:58+00:00\" \/>\n<meta property=\"og:image\" content=\"https:\/\/www.palosantotapasbar.com\/wp-content\/uploads\/2024\/11\/tapas-fusion-palosanto-tapas-bar.webp\" \/>\n\t<meta property=\"og:image:width\" content=\"800\" \/>\n\t<meta property=\"og:image:height\" content=\"1200\" \/>\n\t<meta property=\"og:image:type\" content=\"image\/webp\" \/>\n<meta name=\"author\" content=\"marnoria\" \/>\n<meta name=\"twitter:card\" content=\"summary_large_image\" \/>\n<meta name=\"twitter:label1\" content=\"Escrit per\" \/>\n\t<meta name=\"twitter:data1\" content=\"marnoria\" \/>\n\t<meta name=\"twitter:label2\" content=\"Temps estimat de lectura\" \/>\n\t<meta name=\"twitter:data2\" content=\"5 minuts\" \/>\n<script type=\"application\/ld+json\" class=\"yoast-schema-graph\">{\"@context\":\"https:\/\/schema.org\",\"@graph\":[{\"@type\":\"Article\",\"@id\":\"https:\/\/www.palosantotapasbar.com\/ca\/la-fusio-gastronomica-al-raval\/#article\",\"isPartOf\":{\"@id\":\"https:\/\/www.palosantotapasbar.com\/ca\/la-fusio-gastronomica-al-raval\/\"},\"author\":{\"name\":\"marnoria\",\"@id\":\"https:\/\/www.palosantotapasbar.com\/ca\/#\/schema\/person\/f033d6e4880506b38781e5d301b90718\"},\"headline\":\"LA FUSI\u00d3 GASTRON\u00d2MICA AL RAVAL\",\"datePublished\":\"2024-11-27T09:14:51+00:00\",\"dateModified\":\"2025-01-24T11:48:58+00:00\",\"mainEntityOfPage\":{\"@id\":\"https:\/\/www.palosantotapasbar.com\/ca\/la-fusio-gastronomica-al-raval\/\"},\"wordCount\":857,\"publisher\":{\"@id\":\"https:\/\/www.palosantotapasbar.com\/ca\/#organization\"},\"image\":{\"@id\":\"https:\/\/www.palosantotapasbar.com\/ca\/la-fusio-gastronomica-al-raval\/#primaryimage\"},\"thumbnailUrl\":\"https:\/\/www.palosantotapasbar.com\/wp-content\/uploads\/2024\/11\/tapas-fusion-palosanto-tapas-bar.webp\",\"keywords\":[\"bravas\",\"ceviche\",\"croquetes\",\"tacs\",\"tapes fusi\u00f3\"],\"articleSection\":[\"Events\",\"Raval\",\"Sopar\",\"Tapes\"],\"inLanguage\":\"ca\"},{\"@type\":\"WebPage\",\"@id\":\"https:\/\/www.palosantotapasbar.com\/ca\/la-fusio-gastronomica-al-raval\/\",\"url\":\"https:\/\/www.palosantotapasbar.com\/ca\/la-fusio-gastronomica-al-raval\/\",\"name\":\"La fusi\u00f3 gastron\u00f2mica al Raval | PalSant\",\"isPartOf\":{\"@id\":\"https:\/\/www.palosantotapasbar.com\/ca\/#website\"},\"primaryImageOfPage\":{\"@id\":\"https:\/\/www.palosantotapasbar.com\/ca\/la-fusio-gastronomica-al-raval\/#primaryimage\"},\"image\":{\"@id\":\"https:\/\/www.palosantotapasbar.com\/ca\/la-fusio-gastronomica-al-raval\/#primaryimage\"},\"thumbnailUrl\":\"https:\/\/www.palosantotapasbar.com\/wp-content\/uploads\/2024\/11\/tapas-fusion-palosanto-tapas-bar.webp\",\"datePublished\":\"2024-11-27T09:14:51+00:00\",\"dateModified\":\"2025-01-24T11:48:58+00:00\",\"description\":\"Descobreix com les tapes tradicionals espanyoles es reinventen amb sabors de tot el m\u00f3n al multicultural barri del Raval.\",\"breadcrumb\":{\"@id\":\"https:\/\/www.palosantotapasbar.com\/ca\/la-fusio-gastronomica-al-raval\/#breadcrumb\"},\"inLanguage\":\"ca\",\"potentialAction\":[{\"@type\":\"ReadAction\",\"target\":[\"https:\/\/www.palosantotapasbar.com\/ca\/la-fusio-gastronomica-al-raval\/\"]}]},{\"@type\":\"ImageObject\",\"inLanguage\":\"ca\",\"@id\":\"https:\/\/www.palosantotapasbar.com\/ca\/la-fusio-gastronomica-al-raval\/#primaryimage\",\"url\":\"https:\/\/www.palosantotapasbar.com\/wp-content\/uploads\/2024\/11\/tapas-fusion-palosanto-tapas-bar.webp\",\"contentUrl\":\"https:\/\/www.palosantotapasbar.com\/wp-content\/uploads\/2024\/11\/tapas-fusion-palosanto-tapas-bar.webp\",\"width\":800,\"height\":1200,\"caption\":\"tapas fusion palosanto\"},{\"@type\":\"BreadcrumbList\",\"@id\":\"https:\/\/www.palosantotapasbar.com\/ca\/la-fusio-gastronomica-al-raval\/#breadcrumb\",\"itemListElement\":[{\"@type\":\"ListItem\",\"position\":1,\"name\":\"Home\",\"item\":\"https:\/\/www.palosantotapasbar.com\/ca\/\"},{\"@type\":\"ListItem\",\"position\":2,\"name\":\"LA FUSI\u00d3 GASTRON\u00d2MICA AL RAVAL\"}]},{\"@type\":\"WebSite\",\"@id\":\"https:\/\/www.palosantotapasbar.com\/ca\/#website\",\"url\":\"https:\/\/www.palosantotapasbar.com\/ca\/\",\"name\":\"Palosanto Tapas Bar\",\"description\":\"\",\"publisher\":{\"@id\":\"https:\/\/www.palosantotapasbar.com\/ca\/#organization\"},\"potentialAction\":[{\"@type\":\"SearchAction\",\"target\":{\"@type\":\"EntryPoint\",\"urlTemplate\":\"https:\/\/www.palosantotapasbar.com\/ca\/?s={search_term_string}\"},\"query-input\":{\"@type\":\"PropertyValueSpecification\",\"valueRequired\":true,\"valueName\":\"search_term_string\"}}],\"inLanguage\":\"ca\"},{\"@type\":\"Organization\",\"@id\":\"https:\/\/www.palosantotapasbar.com\/ca\/#organization\",\"name\":\"Palosanto Tapas Bar\",\"url\":\"https:\/\/www.palosantotapasbar.com\/ca\/\",\"logo\":{\"@type\":\"ImageObject\",\"inLanguage\":\"ca\",\"@id\":\"https:\/\/www.palosantotapasbar.com\/ca\/#\/schema\/logo\/image\/\",\"url\":\"https:\/\/www.palosantotapasbar.com\/wp-content\/uploads\/2024\/11\/cropped-cropped-palosantotapasbar-logo-removebg-preview.png\",\"contentUrl\":\"https:\/\/www.palosantotapasbar.com\/wp-content\/uploads\/2024\/11\/cropped-cropped-palosantotapasbar-logo-removebg-preview.png\",\"width\":300,\"height\":150,\"caption\":\"Palosanto Tapas Bar\"},\"image\":{\"@id\":\"https:\/\/www.palosantotapasbar.com\/ca\/#\/schema\/logo\/image\/\"}},{\"@type\":\"Person\",\"@id\":\"https:\/\/www.palosantotapasbar.com\/ca\/#\/schema\/person\/f033d6e4880506b38781e5d301b90718\",\"name\":\"marnoria\",\"image\":{\"@type\":\"ImageObject\",\"inLanguage\":\"ca\",\"@id\":\"https:\/\/www.palosantotapasbar.com\/ca\/#\/schema\/person\/image\/\",\"url\":\"https:\/\/secure.gravatar.com\/avatar\/9775e4c78ea8cdbc7c6df0fe3ce0221043e7130ba48e33a8941de605ae0ccbe9?s=96&d=mm&r=g\",\"contentUrl\":\"https:\/\/secure.gravatar.com\/avatar\/9775e4c78ea8cdbc7c6df0fe3ce0221043e7130ba48e33a8941de605ae0ccbe9?s=96&d=mm&r=g\",\"caption\":\"marnoria\"},\"url\":\"https:\/\/www.palosantotapasbar.com\/ca\/author\/marnoria\/\"}]}<\/script>\n<!-- \/ Yoast SEO plugin. -->","yoast_head_json":{"title":"La fusi\u00f3 gastron\u00f2mica al Raval | PalSant","description":"Descobreix com les tapes tradicionals espanyoles es reinventen amb sabors de tot el m\u00f3n al multicultural barri del Raval.","robots":{"index":"index","follow":"follow","max-snippet":"max-snippet:-1","max-image-preview":"max-image-preview:large","max-video-preview":"max-video-preview:-1"},"canonical":"https:\/\/www.palosantotapasbar.com\/ca\/la-fusio-gastronomica-al-raval\/","og_locale":"ca_ES","og_type":"article","og_title":"La fusi\u00f3 gastron\u00f2mica al Raval | PalSant","og_description":"Descobreix com les tapes tradicionals espanyoles es reinventen amb sabors de tot el m\u00f3n al multicultural barri del Raval.","og_url":"https:\/\/www.palosantotapasbar.com\/ca\/la-fusio-gastronomica-al-raval\/","og_site_name":"Palosanto Tapas Bar","article_published_time":"2024-11-27T09:14:51+00:00","article_modified_time":"2025-01-24T11:48:58+00:00","og_image":[{"width":800,"height":1200,"url":"https:\/\/www.palosantotapasbar.com\/wp-content\/uploads\/2024\/11\/tapas-fusion-palosanto-tapas-bar.webp","type":"image\/webp"}],"author":"marnoria","twitter_card":"summary_large_image","twitter_misc":{"Escrit per":"marnoria","Temps estimat de lectura":"5 minuts"},"schema":{"@context":"https:\/\/schema.org","@graph":[{"@type":"Article","@id":"https:\/\/www.palosantotapasbar.com\/ca\/la-fusio-gastronomica-al-raval\/#article","isPartOf":{"@id":"https:\/\/www.palosantotapasbar.com\/ca\/la-fusio-gastronomica-al-raval\/"},"author":{"name":"marnoria","@id":"https:\/\/www.palosantotapasbar.com\/ca\/#\/schema\/person\/f033d6e4880506b38781e5d301b90718"},"headline":"LA FUSI\u00d3 GASTRON\u00d2MICA AL RAVAL","datePublished":"2024-11-27T09:14:51+00:00","dateModified":"2025-01-24T11:48:58+00:00","mainEntityOfPage":{"@id":"https:\/\/www.palosantotapasbar.com\/ca\/la-fusio-gastronomica-al-raval\/"},"wordCount":857,"publisher":{"@id":"https:\/\/www.palosantotapasbar.com\/ca\/#organization"},"image":{"@id":"https:\/\/www.palosantotapasbar.com\/ca\/la-fusio-gastronomica-al-raval\/#primaryimage"},"thumbnailUrl":"https:\/\/www.palosantotapasbar.com\/wp-content\/uploads\/2024\/11\/tapas-fusion-palosanto-tapas-bar.webp","keywords":["bravas","ceviche","croquetes","tacs","tapes fusi\u00f3"],"articleSection":["Events","Raval","Sopar","Tapes"],"inLanguage":"ca"},{"@type":"WebPage","@id":"https:\/\/www.palosantotapasbar.com\/ca\/la-fusio-gastronomica-al-raval\/","url":"https:\/\/www.palosantotapasbar.com\/ca\/la-fusio-gastronomica-al-raval\/","name":"La fusi\u00f3 gastron\u00f2mica al Raval | PalSant","isPartOf":{"@id":"https:\/\/www.palosantotapasbar.com\/ca\/#website"},"primaryImageOfPage":{"@id":"https:\/\/www.palosantotapasbar.com\/ca\/la-fusio-gastronomica-al-raval\/#primaryimage"},"image":{"@id":"https:\/\/www.palosantotapasbar.com\/ca\/la-fusio-gastronomica-al-raval\/#primaryimage"},"thumbnailUrl":"https:\/\/www.palosantotapasbar.com\/wp-content\/uploads\/2024\/11\/tapas-fusion-palosanto-tapas-bar.webp","datePublished":"2024-11-27T09:14:51+00:00","dateModified":"2025-01-24T11:48:58+00:00","description":"Descobreix com les tapes tradicionals espanyoles es reinventen amb sabors de tot el m\u00f3n al multicultural barri del Raval.","breadcrumb":{"@id":"https:\/\/www.palosantotapasbar.com\/ca\/la-fusio-gastronomica-al-raval\/#breadcrumb"},"inLanguage":"ca","potentialAction":[{"@type":"ReadAction","target":["https:\/\/www.palosantotapasbar.com\/ca\/la-fusio-gastronomica-al-raval\/"]}]},{"@type":"ImageObject","inLanguage":"ca","@id":"https:\/\/www.palosantotapasbar.com\/ca\/la-fusio-gastronomica-al-raval\/#primaryimage","url":"https:\/\/www.palosantotapasbar.com\/wp-content\/uploads\/2024\/11\/tapas-fusion-palosanto-tapas-bar.webp","contentUrl":"https:\/\/www.palosantotapasbar.com\/wp-content\/uploads\/2024\/11\/tapas-fusion-palosanto-tapas-bar.webp","width":800,"height":1200,"caption":"tapas fusion palosanto"},{"@type":"BreadcrumbList","@id":"https:\/\/www.palosantotapasbar.com\/ca\/la-fusio-gastronomica-al-raval\/#breadcrumb","itemListElement":[{"@type":"ListItem","position":1,"name":"Home","item":"https:\/\/www.palosantotapasbar.com\/ca\/"},{"@type":"ListItem","position":2,"name":"LA FUSI\u00d3 GASTRON\u00d2MICA AL RAVAL"}]},{"@type":"WebSite","@id":"https:\/\/www.palosantotapasbar.com\/ca\/#website","url":"https:\/\/www.palosantotapasbar.com\/ca\/","name":"Palosanto Tapas Bar","description":"","publisher":{"@id":"https:\/\/www.palosantotapasbar.com\/ca\/#organization"},"potentialAction":[{"@type":"SearchAction","target":{"@type":"EntryPoint","urlTemplate":"https:\/\/www.palosantotapasbar.com\/ca\/?s={search_term_string}"},"query-input":{"@type":"PropertyValueSpecification","valueRequired":true,"valueName":"search_term_string"}}],"inLanguage":"ca"},{"@type":"Organization","@id":"https:\/\/www.palosantotapasbar.com\/ca\/#organization","name":"Palosanto Tapas Bar","url":"https:\/\/www.palosantotapasbar.com\/ca\/","logo":{"@type":"ImageObject","inLanguage":"ca","@id":"https:\/\/www.palosantotapasbar.com\/ca\/#\/schema\/logo\/image\/","url":"https:\/\/www.palosantotapasbar.com\/wp-content\/uploads\/2024\/11\/cropped-cropped-palosantotapasbar-logo-removebg-preview.png","contentUrl":"https:\/\/www.palosantotapasbar.com\/wp-content\/uploads\/2024\/11\/cropped-cropped-palosantotapasbar-logo-removebg-preview.png","width":300,"height":150,"caption":"Palosanto Tapas Bar"},"image":{"@id":"https:\/\/www.palosantotapasbar.com\/ca\/#\/schema\/logo\/image\/"}},{"@type":"Person","@id":"https:\/\/www.palosantotapasbar.com\/ca\/#\/schema\/person\/f033d6e4880506b38781e5d301b90718","name":"marnoria","image":{"@type":"ImageObject","inLanguage":"ca","@id":"https:\/\/www.palosantotapasbar.com\/ca\/#\/schema\/person\/image\/","url":"https:\/\/secure.gravatar.com\/avatar\/9775e4c78ea8cdbc7c6df0fe3ce0221043e7130ba48e33a8941de605ae0ccbe9?s=96&d=mm&r=g","contentUrl":"https:\/\/secure.gravatar.com\/avatar\/9775e4c78ea8cdbc7c6df0fe3ce0221043e7130ba48e33a8941de605ae0ccbe9?s=96&d=mm&r=g","caption":"marnoria"},"url":"https:\/\/www.palosantotapasbar.com\/ca\/author\/marnoria\/"}]}},"jetpack_featured_media_url":"https:\/\/www.palosantotapasbar.com\/wp-content\/uploads\/2024\/11\/tapas-fusion-palosanto-tapas-bar.webp","jetpack_sharing_enabled":true,"_links":{"self":[{"href":"https:\/\/www.palosantotapasbar.com\/ca\/wp-json\/wp\/v2\/posts\/9210","targetHints":{"allow":["GET"]}}],"collection":[{"href":"https:\/\/www.palosantotapasbar.com\/ca\/wp-json\/wp\/v2\/posts"}],"about":[{"href":"https:\/\/www.palosantotapasbar.com\/ca\/wp-json\/wp\/v2\/types\/post"}],"author":[{"embeddable":true,"href":"https:\/\/www.palosantotapasbar.com\/ca\/wp-json\/wp\/v2\/users\/2"}],"replies":[{"embeddable":true,"href":"https:\/\/www.palosantotapasbar.com\/ca\/wp-json\/wp\/v2\/comments?post=9210"}],"version-history":[{"count":7,"href":"https:\/\/www.palosantotapasbar.com\/ca\/wp-json\/wp\/v2\/posts\/9210\/revisions"}],"predecessor-version":[{"id":9982,"href":"https:\/\/www.palosantotapasbar.com\/ca\/wp-json\/wp\/v2\/posts\/9210\/revisions\/9982"}],"wp:featuredmedia":[{"embeddable":true,"href":"https:\/\/www.palosantotapasbar.com\/ca\/wp-json\/wp\/v2\/media\/8923"}],"wp:attachment":[{"href":"https:\/\/www.palosantotapasbar.com\/ca\/wp-json\/wp\/v2\/media?parent=9210"}],"wp:term":[{"taxonomy":"category","embeddable":true,"href":"https:\/\/www.palosantotapasbar.com\/ca\/wp-json\/wp\/v2\/categories?post=9210"},{"taxonomy":"post_tag","embeddable":true,"href":"https:\/\/www.palosantotapasbar.com\/ca\/wp-json\/wp\/v2\/tags?post=9210"}],"curies":[{"name":"wp","href":"https:\/\/api.w.org\/{rel}","templated":true}]}}